{"id":10325,"date":"2026-09-04T10:37:46","date_gmt":"2026-09-04T08:37:46","guid":{"rendered":"https:\/\/cla.unical.it\/?p=10325"},"modified":"2026-09-04T10:40:11","modified_gmt":"2026-09-04T08:40:11","slug":"orario-studio-in-autonomia-in-vigore-dal-7-settembre-2026","status":"publish","type":"post","link":"https:\/\/cla.unical.it\/en\/orario-studio-in-autonomia-in-vigore-dal-7-settembre-2026\/","title":{"rendered":"Orario Studio in Autonomia in vigore dal 7 settembre 2026"},"content":{"rendered":"<p>Si informano le studentesse e gli studenti che il Laboratorio per lo svolgimento delle attivit\u00e0 assistite di Studio in Autonomia previsto nel percorso OLA (10 ore) si terr\u00e0 in presenza e in modalit\u00e0 telematica.<\/p>\n<p>La modalit\u00e0 telematica, con <strong>25 postazioni online<\/strong>, \u00e8 accessibile alla piattaforma Microsoft Teams -Codice Teams <strong>66gfv8o<\/strong><\/p>\n<p><em>N.B.: per poter svolgere le ore di studio in autonomia assistito \u00e8 necessario prenotare la postazione virtuale (o in presenza) attraverso il <strong><a href=\"http:\/\/claola.unical.it\">sistema OLA<\/a><\/strong><\/em><em>. Si consiglia di consultare il video guida disponibile al seguente <a href=\"https:\/\/youtu.be\/apuJiMaumFo\">link<\/a>.<\/em><\/p>\n<p>&nbsp;<\/p>\n<p>In allegato l\u2019orario delle attivit\u00e0 di Studio in Autonomia in vigore dal 7 settembre 2026.<\/p>\n<p><a href=\"https:\/\/cla.unical.it\/wp-content\/uploads\/2026\/09\/SiA-Orario_dal-7-settembre-2026.pdf\">Orario dal 7 settembre 2026<\/a><\/p>\n","protected":false},"excerpt":{"rendered":"<p>Si informano le studentesse e gli studenti che il Laboratorio per lo svolgimento delle attivit\u00e0 assistite di Studio in Autonomia previsto nel percorso OLA (10 ore) si terr\u00e0 in presenza e in modalit\u00e0 telematica. La modalit\u00e0 telematica, con 25 postazioni online, \u00e8 accessibile alla piattaforma Microsoft Teams -Codice Teams 66gfv8o N.B.: per poter svolgere le [&hellip;]<\/p>\n","protected":false},"author":7,"featured_media":0,"comment_status":"closed","ping_status":"closed","sticky":false,"template":"","format":"standard","meta":{"footnotes":""},"categories":[86,66,1,13],"tags":[],"class_list":["post-10325","post","type-post","status-publish","format-standard","hentry","category-importanti","category-in-evidenza","category-notizie-cla","category-studio-in-autonomia","entry"],"_links":{"self":[{"href":"https:\/\/cla.unical.it\/en\/wp-json\/wp\/v2\/posts\/10325","targetHints":{"allow":["GET"]}}],"collection":[{"href":"https:\/\/cla.unical.it\/en\/wp-json\/wp\/v2\/posts"}],"about":[{"href":"https:\/\/cla.unical.it\/en\/wp-json\/wp\/v2\/types\/post"}],"author":[{"embeddable":true,"href":"https:\/\/cla.unical.it\/en\/wp-json\/wp\/v2\/users\/7"}],"replies":[{"embeddable":true,"href":"https:\/\/cla.unical.it\/en\/wp-json\/wp\/v2\/comments?post=10325"}],"version-history":[{"count":3,"href":"https:\/\/cla.unical.it\/en\/wp-json\/wp\/v2\/posts\/10325\/revisions"}],"predecessor-version":[{"id":10329,"href":"https:\/\/cla.unical.it\/en\/wp-json\/wp\/v2\/posts\/10325\/revisions\/10329"}],"wp:attachment":[{"href":"https:\/\/cla.unical.it\/en\/wp-json\/wp\/v2\/media?parent=10325"}],"wp:term":[{"taxonomy":"category","embeddable":true,"href":"https:\/\/cla.unical.it\/en\/wp-json\/wp\/v2\/categories?post=10325"},{"taxonomy":"post_tag","embeddable":true,"href":"https:\/\/cla.unical.it\/en\/wp-json\/wp\/v2\/tags?post=10325"}],"curies":[{"name":"wp","href":"https:\/\/api.w.org\/{rel}","templated":true}]}}